{"id":15311,"date":"2024-06-14T13:50:17","date_gmt":"2024-06-14T12:50:17","guid":{"rendered":"https:\/\/lanzaroteartgallery.com\/?p=15311"},"modified":"2024-07-19T12:09:44","modified_gmt":"2024-07-19T11:09:44","slug":"pintoras-canarias-o-desde-canarias","status":"publish","type":"post","link":"https:\/\/lanzaroteartgallery.com\/en\/pintoras-canarias-o-desde-canarias\/","title":{"rendered":"Pintoras Canarias o desde Canarias"},"content":{"rendered":"<p class=\"qtranxs-available-languages-message qtranxs-available-languages-message-en\">Sorry, this entry is only available in <a href=\"https:\/\/lanzaroteartgallery.com\/es\/wp-json\/wp\/v2\/posts\/15311\" class=\"qtranxs-available-language-link qtranxs-available-language-link-es\" title=\"ES\">ES<\/a>.<\/p><p>Las pintoras canarias contempor\u00e1neas o afincadas en Canarias destacan por su diversidad de estilos y tem\u00e1ticas, reflejando la rica herencia cultural y el entorno natural de las Islas Canarias que las rodean. En Lanzarote Art Gallery presentamos algunas de las artistas m\u00e1s relevantes en la escena canaria actual.<\/p>\n\n\n\n<h2 class=\"wp-block-heading\">Pintoras en Canarias<\/h2>\n\n\n\n<p>Entre estas artistas destacan las pintoras que, ya sea por nacimiento o por elecci\u00f3n de residencia, han encontrado en Canarias una fuente inagotable de inspiraci\u00f3n. Nos centramos en cuatro destacadas pintoras que, desde diferentes estilos y trayectorias, aportan una visi\u00f3n \u00fanica del arte contempor\u00e1neo canario: <strong>Sherezade Morales Brito<\/strong>, <strong>Yolanda Mediavilla<\/strong>, <strong>Marina Speer<\/strong> y <strong>Alicia R. Riquero<\/strong>. Cada una de ellas, con sus particulares enfoques y t\u00e9cnicas, contribuye a enriquecer el panorama art\u00edstico de las Islas Canarias, fusionando elementos de la tradici\u00f3n con innovaciones propias de la modernidad.<\/p>\n\n\n\n<p><strong>Sherezade Morales Brito<\/strong>, con sus ra\u00edces profundamente ancladas en Lanzarote, explora el <em>neoindigenismo<\/em> y otros estilos como el expresionismo y el surrealismo, creando obras que son un testimonio de su identidad canaria y su pasi\u00f3n por el arte. <strong>Yolanda Mediavilla<\/strong>, otra artista radicada en Lanzarote, combina pintura y escultura en sus piezas, impregn\u00e1ndolas de una espiritualidad y conexi\u00f3n con la naturaleza que trascienden lo meramente visual. <strong>Marina Speer<\/strong>, originaria de M\u00fanich pero residente en Lanzarote, desaf\u00eda las percepciones tradicionales del paisaje a trav\u00e9s de su arte pl\u00e1stico, proponiendo nuevas formas de ver y sentir el entorno insular. Finalmente, <strong>Alicia R. Riquero<\/strong>, una extreme\u00f1a de coraz\u00f3n canario, encuentra en el expresionismo abstracto el medio ideal para expresar su conexi\u00f3n con la isla y sus propias exploraciones emocionales.<\/p>\n\n\n\n<p>Estas pintoras no solo representan la diversidad de la escena art\u00edstica en Canarias, sino que tambi\u00e9n reflejan la capacidad del arte para trascender fronteras geogr\u00e1ficas y culturales, conectando lo local con lo universal. <strong>Sus obras, cargadas de significado y belleza, son una invitaci\u00f3n a descubrir y apreciar el rico mosaico art\u00edstico de las Islas Canarias<\/strong>.<\/p>\n\n\n\n<h2 class=\"wp-block-heading\">Sherezade Morales Brito, <em>neoindigenista<\/em><\/h2>\n\n\n\n<p>En las obras de la pintora de Lanzarote <a href=\"https:\/\/lanzaroteartgallery.com\/categoria-obra\/artistas-tienda\/sherezade-morales-brito\/\" target=\"_blank\" rel=\"noopener\" title=\"\">Sherezada Morales Brito<\/a>, confluyen sentimientos y deseos de dar a conocer sus or\u00edgenes e identidad canaria: El pasado, la esencia y la idiosincrasia de la isla que la vio crecer est\u00e1n presentes en cada una de las pinceladas de la obras de Sherezade Morales. Sin hermetismo art\u00edstico, su estilo no se define en uno sino en varios: <strong>expresionismo, indigenista canario, surrealismo\u2026<\/strong><\/p>\n\n\n\n<h3 class=\"wp-block-heading\">Trayectoria art\u00edstica y profesional<\/h3>\n\n\n\n<p>Sherezade estudi\u00f3 en la <a href=\"https:\/\/www.ull.es\/centros\/facultad-bellas-artes\/\" target=\"_blank\" rel=\"noopener\" title=\"\">Escuela de Bellas Artes de Tenerife<\/a> pero su pasi\u00f3n por la pintura naci\u00f3 cuando su madre la inscribi\u00f3 en una academia de bellas artes a los 8 a\u00f1os, desarrollando una pasi\u00f3n profunda por el arte, la cual ha cultivado a lo largo de su vida.<\/p>\n\n\n\n<p>Su enfoque involucra una profunda <strong>reflexi\u00f3n sobre la vida, la humanidad y el papel transformador del arte<\/strong> en el mundo. Su trabajo conecta la filosof\u00eda con la espiritualidad, buscando explorar las conexiones intr\u00ednsecas entre la belleza, la verdad y la sabidur\u00eda.<\/p>\n\n\n\n<h3 class=\"wp-block-heading\">Exposici\u00f3n de sus obras art\u00edsticas<\/h3>\n\n\n\n<p>En los \u00faltimos a\u00f1os ha realizado tres exposiciones en la isla de Lanzarote: \u00ab<strong><a href=\"https:\/\/www.aena.es\/es\/prensa\/la-t2-del-aeropuerto-cesar-manrique-lanzarote-alberga-la-exposicion---pictorica-la-sequedad-del-suelo-de-sherezade-morales.html&amp;p=1575078740846\" target=\"_blank\" rel=\"noopener\" title=\"\">La sequedad del suelo<\/a><\/strong>\u00bb, una profunda conexi\u00f3n de la artista con su tierra natal, Lanzarote; \u00ab<strong><a href=\"https:\/\/www.coolturalanzarote.com\/sherezade-morales-inaugura-en-teguise-su-exhibicion-mujeres\/\" target=\"_blank\" rel=\"noopener\" title=\"\">Mujeres<\/a><\/strong>\u00bb, un homenaje a las mujeres campesinas de Lanzarote; y \u00ab<strong><a href=\"https:\/\/culturalanzarote.com\/eventos\/mararia-o-la-belleza-encerrada-en-el-tiempo\/\" target=\"_blank\" rel=\"noopener\" title=\"\">Marar\u00eda o la belleza encerrada en el tiempo<\/a><\/strong>\u00bb, una exposici\u00f3n \u00fanica que rinde homenaje a Mar\u00eda la de Fem\u00e9s y su historia.<\/p>\n\n\n\n<h3 class=\"wp-block-heading\">Obras destacadas de Sherezade Morales Brito<\/h3>\n\n\n\n<div class=\"wp-block-columns has-contrast-background-color has-background is-layout-flex wp-container-core-columns-is-layout-9d6595d7 wp-block-columns-is-layout-flex\">\n<div class=\"wp-block-column is-vertically-aligned-center is-layout-flow wp-block-column-is-layout-flow\" style=\"padding-top:var(--wp--preset--spacing--30);padding-right:var(--wp--preset--spacing--30);padding-bottom:var(--wp--preset--spacing--30);padding-left:var(--wp--preset--spacing--30)\">\n<p class=\"has-base-color has-text-color\" style=\"margin-top:0;margin-right:0;margin-bottom:0;margin-left:0;font-size:18px\"><strong><a href=\"https:\/\/lanzaroteartgallery.com\/categoria-obra\/artistas-tienda\/sherezade-morales-brito\/\" title=\"\">Sherezade Morales Brito<\/a><\/strong><\/p>\n\n\n\n<p class=\"has-base-color has-text-color\" style=\"margin-top:0px;margin-right:0px;margin-bottom:0px;margin-left:0px;padding-top:0;padding-right:0;padding-bottom:0;padding-left:0;font-size:48px\"><strong>Volc\u00e1n de La Geria<\/strong><\/p>\n\n\n\n<p class=\"has-text-align-left has-base-color has-text-color\" style=\"margin-top:0;margin-right:0;margin-bottom:0;margin-left:0;font-size:24px\">\u00f3leo<\/p>\n\n\n\n<div class=\"wp-block-buttons is-layout-flex wp-block-buttons-is-layout-flex\" style=\"margin-top:20px;margin-bottom:0\">\n<div class=\"wp-block-button has-custom-font-size is-style-fill, boton\" style=\"font-size:16px\"><a class=\"wp-block-button__link has-cuarto-background-color has-background wp-element-button\" href=\"https:\/\/lanzaroteartgallery.com\/obra\/volcan-de-la-geria\/\" style=\"border-style:none;border-width:0px\">Comprar cuadro<\/a><\/div>\n<\/div>\n<\/div>\n\n\n\n<div class=\"wp-block-column is-vertically-aligned-center is-layout-flow wp-block-column-is-layout-flow\">\n<figure class=\"wp-block-image size-full\"><img decoding=\"async\" src=\"https:\/\/lanzaroteartgallery.com\/wp-content\/uploads\/2023\/03\/MoralesBrito-Sherezade-78551543B2F87F7420F-D62A-4CF4-A505-B8CC6D4347F4.jpeg\" alt=\"Sherezade Morales\" class=\"wp-image-11153\"\/><\/figure>\n<\/div>\n<\/div>\n\n\n<style>.wp-block-kadence-spacer.kt-block-spacer-15311_85e6d4-bb .kt-block-spacer{height:60px;}.wp-block-kadence-spacer.kt-block-spacer-15311_85e6d4-bb .kt-divider{border-top-width:1px;height:1px;border-top-color:#eee;width:80%;border-top-style:solid;}<\/style>\n<div class=\"wp-block-kadence-spacer aligncenter kt-block-spacer-15311_85e6d4-bb\"><div class=\"kt-block-spacer kt-block-spacer-halign-center\"><\/div><\/div>\n\n\n\n<div class=\"wp-block-columns has-contrast-background-color has-background is-layout-flex wp-container-core-columns-is-layout-9d6595d7 wp-block-columns-is-layout-flex\">\n<div class=\"wp-block-column is-layout-flow wp-block-column-is-layout-flow\" style=\"padding-top:var(--wp--preset--spacing--30);padding-right:var(--wp--preset--spacing--30);padding-bottom:var(--wp--preset--spacing--30);padding-left:var(--wp--preset--spacing--30)\">\n<figure class=\"wp-block-image size-full\" style=\"margin-top:0;margin-right:0;margin-bottom:0;margin-left:0;font-size:18px\"><img decoding=\"async\" src=\"https:\/\/lanzaroteartgallery.com\/wp-content\/uploads\/2023\/03\/MoralesBrito-Sherezade-78551543B2FEB0495F6-2577-486A-8BD7-18811A89B4EF.jpeg\" alt=\"Sherezade\" class=\"wp-image-11151\"\/><\/figure>\n<\/div>\n\n\n\n<div class=\"wp-block-column is-layout-flow wp-block-column-is-layout-flow\">\n<p class=\"has-base-color has-text-color\" style=\"margin-top:0;margin-right:0;margin-bottom:0;margin-left:0;font-size:18px\"><strong><a href=\"https:\/\/lanzaroteartgallery.com\/categoria-obra\/artistas-tienda\/sherezade-morales-brito\/\" title=\"\">Sherezade Morales Brito<\/a><\/strong><\/p>\n\n\n\n<p class=\"has-base-color has-text-color\" style=\"margin-top:0px;margin-right:0px;margin-bottom:0px;margin-left:0px;padding-top:0;padding-right:0;padding-bottom:0;padding-left:0;font-size:48px\"><strong>Volcanes de Lanzarote<\/strong><\/p>\n\n\n\n<p class=\"has-text-align-left has-base-color has-text-color\" style=\"margin-top:0;margin-right:0;margin-bottom:0;margin-left:0;font-size:24px\">\u00f3leo<\/p>\n\n\n\n<div class=\"wp-block-buttons is-layout-flex wp-block-buttons-is-layout-flex\">\n<div class=\"wp-block-button has-custom-font-size is-style-fill, boton\" style=\"font-size:16px\"><a class=\"wp-block-button__link wp-element-button\" href=\"https:\/\/lanzaroteartgallery.com\/obra\/volcanes-de-lanzarote\/\" style=\"border-style:none;border-width:0px\">Comprar cuadro<\/a><\/div>\n<\/div>\n<\/div>\n<\/div>\n\n\n<style>.wp-block-kadence-spacer.kt-block-spacer-15311_bc385b-af .kt-block-spacer{height:60px;}.wp-block-kadence-spacer.kt-block-spacer-15311_bc385b-af .kt-divider{border-top-width:1px;height:1px;border-top-color:#eee;width:80%;border-top-style:solid;}<\/style>\n<div class=\"wp-block-kadence-spacer aligncenter kt-block-spacer-15311_bc385b-af\"><div class=\"kt-block-spacer kt-block-spacer-halign-center\"><hr class=\"kt-divider\"\/><\/div><\/div>\n\n\n\n<h2 class=\"wp-block-heading\">Yolanda Mediavilla, arte y escultura<\/h2>\n\n\n\n<p><a href=\"https:\/\/lanzaroteartgallery.com\/categoria-obra\/artistas-tienda\/yolanda-mediavilla\/\" target=\"_blank\" rel=\"noopener\" title=\"\">Yolanda Mediavilla<\/a> es una destacada pintora y escultora espa\u00f1ola afincada en Lanzarote, que ha dejado una huella significativa en el mundo del arte contempor\u00e1neo. Su carrera se caracteriza por una profunda conexi\u00f3n con la espiritualidad y la naturaleza, elementos que se reflejan intensamente en sus obras; donde los tonos claros y naturales de los minerales destacan sobre telas, lienzos, maderas, vidrio o papel. Su estilo: <strong>expresionismo abstracto<\/strong>.<\/p>\n\n\n\n<h3 class=\"wp-block-heading\">Formaci\u00f3n art\u00edstica<\/h3>\n\n\n\n<p>Yolanda Mediavilla estudi\u00f3 en la <a href=\"https:\/\/www.uoc.edu\/\" target=\"_blank\" rel=\"noopener\" title=\"\">Universidad Oberta de Catalunya<\/a>, donde se especializ\u00f3 en dise\u00f1o multimedia, edici\u00f3n de video y sonido, animaci\u00f3n web y producci\u00f3n gr\u00e1fica\u200b\u200b. Posteriormente, profundiz\u00f3 en diversas t\u00e9cnicas art\u00edsticas, incluidas la <strong>cer\u00e1mica <\/strong>y la <strong>pintura<\/strong>, explorando formas de expresi\u00f3n que integran tanto la t\u00e9cnica como la investigaci\u00f3n personal y espiritual\u200b\u200b.<\/p>\n\n\n\n<h3 class=\"wp-block-heading\">Trayectoria en el mundo del arte<\/h3>\n\n\n\n<p>Desde sus inicios, Yolanda Mediavilla ha participado en numerosas exposiciones tanto en Espa\u00f1a como en otros pa\u00edses de Europa. Ha expuesto en lugares emblem\u00e1ticos como el <strong><a href=\"https:\/\/teatenerife.es\/\" target=\"_blank\" rel=\"noopener\" title=\"\">Museo de Arte Contempor\u00e1neo de Santa Cruz de Tenerife<\/a><\/strong> y en galer\u00edas internacionales en Italia y Alemania\u200b\u200b. A lo largo de su carrera, ha sido galardonada con premios significativos y ha participado en eventos de arte destacados, lo que ha consolidado su reputaci\u00f3n como una artista de renombre\u200b\u200b.<\/p>\n\n\n\n<h3 class=\"wp-block-heading\">Estilo y tem\u00e1ticas<\/h3>\n\n\n\n<p>El trabajo de Yolanda Mediavilla se caracteriza por la utilizaci\u00f3n de <strong>colores sutiles<\/strong>, especialmente el blanco, <strong>y materiales naturales<\/strong> como minerales semipreciosos y elementos org\u00e1nicos. Su arte se centra en la creaci\u00f3n de piezas que <em>emiten una energ\u00eda particular<\/em>, buscando armonizar la composici\u00f3n y reflejar una profundidad espiritual\u200b\u200b. Sus obras son una invitaci\u00f3n a la introspecci\u00f3n y al autoconocimiento, explorando temas como la belleza, la maternidad y la trascendencia.<\/p>\n\n\n\n<h3 class=\"wp-block-heading\">Exposiciones de arte europeas<\/h3>\n\n\n\n<p>Yolanda ha realizado numerosas exposiciones a lo largo de su carrera, destacando su Exposici\u00f3n individual en la <a href=\"https:\/\/fundacionfrax.org\/\" target=\"_blank\" rel=\"noopener\" title=\"\">Fundaci\u00f3n Frax<\/a>, Alicante (2014,) la Exposici\u00f3n individual en el Museo de Arte Contempor\u00e1neo de Santa Cruz de Tenerife (2016), las exposiciones individuales en la Asociaci\u00f3n Cultural La Figuera, Denia (2017-2018) y su exposici\u00f3n individual en el <a href=\"https:\/\/www.barcelo.com\/es-es\/royal-hideaway-corales-suites\/?utm_source=google&amp;utm_medium=organic&amp;utm_campaign=my_business&amp;utm_content=7371\" target=\"_blank\" rel=\"noopener\" title=\"\">Hotel Royal Hideaway Coral Suite<\/a> en Tenerife (2020)\u200b. Adem\u00e1s, sus obras han sido presentadas en galer\u00edas y museos de Italia, incluyendo una exposici\u00f3n permanente en el <strong><a href=\"https:\/\/www.swatchgroup.com\/en\/companies-brands\/landmarks\/swatch-museum\" target=\"_blank\" rel=\"noopener\" title=\"Museo de Swatch\">Museo de Swatch<\/a> en Mil\u00e1n\u200b\u200b<\/strong>.<\/p>\n\n\n\n<div class=\"wp-block-group alignwide\"><div class=\"wp-block-group__inner-container is-layout-constrained wp-block-group-is-layout-constrained\">\n<h3 class=\"wp-block-heading\">Obras destacadas de Yolanda Mediavilla<\/h3>\n\n\n\n<div class=\"wp-block-columns has-contrast-background-color has-background is-layout-flex wp-container-core-columns-is-layout-9d6595d7 wp-block-columns-is-layout-flex\">\n<div class=\"wp-block-column is-vertically-aligned-center is-layout-flow wp-block-column-is-layout-flow\" style=\"padding-top:var(--wp--preset--spacing--30);padding-right:var(--wp--preset--spacing--30);padding-bottom:var(--wp--preset--spacing--30);padding-left:var(--wp--preset--spacing--30)\">\n<p class=\"has-base-color has-text-color\" style=\"margin-top:0;margin-right:0;margin-bottom:0;margin-left:0;font-size:18px\"><strong><a href=\"https:\/\/lanzaroteartgallery.com\/categoria-obra\/artistas-tienda\/yolanda-mediavilla\/\" title=\"\">Yolanda Mediavilla<\/a><\/strong><\/p>\n\n\n\n<p class=\"has-base-color has-text-color\" style=\"margin-top:0px;margin-right:0px;margin-bottom:0px;margin-left:0px;padding-top:0;padding-right:0;padding-bottom:0;padding-left:0;font-size:48px\"><strong>Unconscious<\/strong><\/p>\n\n\n\n<p class=\"has-text-align-left has-base-color has-text-color\" style=\"margin-top:0;margin-right:0;margin-bottom:0;margin-left:0;font-size:24px\">t. mixta<\/p>\n\n\n\n<div class=\"wp-block-buttons is-layout-flex wp-block-buttons-is-layout-flex\" style=\"margin-top:20px;margin-bottom:0\">\n<div class=\"wp-block-button has-custom-font-size is-style-fill, boton\" style=\"font-size:16px\"><a class=\"wp-block-button__link has-cuarto-background-color has-background wp-element-button\" href=\"https:\/\/lanzaroteartgallery.com\/obra\/unconscious\/\" style=\"border-style:none;border-width:0px\">Comprar cuadro<\/a><\/div>\n<\/div>\n<\/div>\n\n\n\n<div class=\"wp-block-column is-vertically-aligned-center is-layout-flow wp-block-column-is-layout-flow\">\n<figure class=\"wp-block-image size-full\"><img decoding=\"async\" src=\"https:\/\/lanzaroteartgallery.com\/wp-content\/uploads\/2022\/10\/Mediavilla-Yolanda-09197521M2Finconsciente60x60hojadeplataneraconlapislazulisobrecristal.jpg\" alt=\"Yolanda Mediavilla, Unconscious, metacrilato \" class=\"wp-image-10342\"\/><\/figure>\n<\/div>\n<\/div>\n\n\n<style>.wp-block-kadence-spacer.kt-block-spacer-15311_b4c9ba-c3 .kt-block-spacer{height:60px;}.wp-block-kadence-spacer.kt-block-spacer-15311_b4c9ba-c3 .kt-divider{border-top-width:1px;height:1px;border-top-color:#eee;width:80%;border-top-style:solid;}<\/style>\n<div class=\"wp-block-kadence-spacer aligncenter kt-block-spacer-15311_b4c9ba-c3\"><div class=\"kt-block-spacer kt-block-spacer-halign-center\"><\/div><\/div>\n\n\n\n<div class=\"wp-block-columns has-contrast-background-color has-background is-layout-flex wp-container-core-columns-is-layout-9d6595d7 wp-block-columns-is-layout-flex\">\n<div class=\"wp-block-column is-layout-flow wp-block-column-is-layout-flow\" style=\"padding-top:var(--wp--preset--spacing--30);padding-right:var(--wp--preset--spacing--30);padding-bottom:var(--wp--preset--spacing--30);padding-left:var(--wp--preset--spacing--30)\">\n<figure class=\"wp-block-image size-full\" style=\"margin-top:0;margin-right:0;margin-bottom:0;margin-left:0;font-size:18px\"><img decoding=\"async\" src=\"https:\/\/lanzaroteartgallery.com\/wp-content\/uploads\/2022\/10\/Mediavilla-Yolanda-09197521M2FAMEalma2Ccuerpo2Cespiritu60X90tela2Cpalosantosobretela.jpg\" alt=\"Yolanda Mediavilla AME (alma, cuerpo, esp\u00edritu) tejido\" class=\"wp-image-10340\"\/><\/figure>\n<\/div>\n\n\n\n<div class=\"wp-block-column is-layout-flow wp-block-column-is-layout-flow\">\n<p class=\"has-base-color has-text-color\" style=\"margin-top:0;margin-right:0;margin-bottom:0;margin-left:0;font-size:18px\"><strong><a href=\"https:\/\/lanzaroteartgallery.com\/categoria-obra\/artistas-tienda\/yolanda-mediavilla\/\" title=\"\">Yolanda Mediavilla<\/a><\/strong><\/p>\n\n\n\n<p class=\"has-base-color has-text-color\" style=\"margin-top:0px;margin-right:0px;margin-bottom:0px;margin-left:0px;padding-top:0;padding-right:0;padding-bottom:0;padding-left:0;font-size:48px\"><strong>AME<\/strong><\/p>\n\n\n\n<p class=\"has-text-align-left has-base-color has-text-color\" style=\"margin-top:0;margin-right:0;margin-bottom:0;margin-left:0;font-size:24px\">t. mixta<\/p>\n\n\n\n<div class=\"wp-block-buttons is-layout-flex wp-block-buttons-is-layout-flex\">\n<div class=\"wp-block-button has-custom-font-size is-style-fill, boton\" style=\"font-size:16px\"><a class=\"wp-block-button__link wp-element-button\" href=\"https:\/\/lanzaroteartgallery.com\/obra\/amealmacuerpoespiritu\/\" style=\"border-style:none;border-width:0px\">Comprar cuadro<\/a><\/div>\n<\/div>\n<\/div>\n<\/div>\n<\/div><\/div>\n\n\n<style>.wp-block-kadence-spacer.kt-block-spacer-15311_1307e9-96 .kt-block-spacer{height:60px;}.wp-block-kadence-spacer.kt-block-spacer-15311_1307e9-96 .kt-divider{border-top-width:1px;height:1px;border-top-color:#eee;width:80%;border-top-style:solid;}<\/style>\n<div class=\"wp-block-kadence-spacer aligncenter kt-block-spacer-15311_1307e9-96\"><div class=\"kt-block-spacer kt-block-spacer-halign-center\"><hr class=\"kt-divider\"\/><\/div><\/div>\n\n\n\n<h2 class=\"wp-block-heading\">Marina Speer, artista pl\u00e1stica<\/h2>\n\n\n\n<p><a href=\"https:\/\/lanzaroteartgallery.com\/categoria-obra\/artistas-tienda\/marina-speer\/\" target=\"_blank\" rel=\"noopener\" title=\"\">Marina Speer<\/a> es una artista visual originaria de M\u00fanich, Alemania, pero reside en la isla de Lanzarote desde hace muchos a\u00f1os. Ella se ha establecido como una figura notable en el \u00e1mbito del arte contempor\u00e1neo, donde destaca su estilo en <strong>pl\u00e1stica<\/strong>.<\/p>\n\n\n\n<p>El trabajo de Marina Speer se caracteriza por una profunda <strong>exploraci\u00f3n de los paisajes y la luz<\/strong>, en particular de los entornos insulares de Lanzarote. Sus proyectos art\u00edsticos buscan desafiar las percepciones tradicionales y convencionales del paisaje, proponiendo una nueva mirada que invita a cuestionar la est\u00e9tica convencional de lo feo y lo bello, lo iluminado y lo sombr\u00edo.<\/p>\n\n\n\n<h3 class=\"wp-block-heading\">Trayectoria en el mundo del arte<\/h3>\n\n\n\n<p>Despu\u00e9s de graduarse en <a href=\"https:\/\/bellasartes.ucm.es\/\" target=\"_blank\" rel=\"noopener\" title=\"\">Bellas Artes por la Universidad Complutense de Madrid<\/a>, profundiz\u00f3 en ilustraci\u00f3n en la <a href=\"https:\/\/escuelaminuscula.com\/\" title=\"\">Escuela Min\u00fascula<\/a> de la misma ciudad. Su trayectoria art\u00edstica la ha llevado a vivir y trabajar entre Madrid y Lanzarote, donde ha desarrollado gran parte de su obra art\u00edstica\u200b\u200b.<\/p>\n\n\n\n<h3 class=\"wp-block-heading\">Exposiciones art\u00edsticas<\/h3>\n\n\n\n<p>Marina Speer ha trabajado como <strong>ilustradora para diversas editoriales<\/strong>, incluyendo <a href=\"https:\/\/akaneeditorial.com\/\" target=\"_blank\" rel=\"noopener\" title=\"\">Akane Ediciones<\/a> y <a href=\"https:\/\/www.googleadservices.com\/pagead\/aclk?sa=L&amp;ai=DChcSEwixxcjA-OKGAxU2qGgJHSAZCa8YABAAGgJ3Zg&amp;ase=2&amp;gclid=Cj0KCQjwvb-zBhCmARIsAAfUI2tTwS6qzZ5UEC6O2rMdRRk-ScCnTnqNwGIHTSn8pzofKb_gal4oPn8aAiQbEALw_wcB&amp;ohost=www.google.com&amp;cid=CAESVuD2NOYCzfc0D7NX6HF1c83U9irmUuWeAN51VbtexEHJCD3q_4b8ezMu6FR46_Zul3SXBeY0DGIVfdRaEzk3EHWcjHRLMKmw8KKQS2OJeX4XZpbF8oRn&amp;sig=AOD64_1ht788HIJdFZM4SgHn4XasFFO5pQ&amp;q&amp;nis=4&amp;adurl&amp;ved=2ahUKEwjlzL_A-OKGAxVkh_0HHUBjDOMQ0Qx6BAgGEAE\" target=\"_blank\" rel=\"noopener\" title=\"\">Editorial Adarve<\/a>, y ha participado en exposiciones tanto en Espa\u00f1a como en el extranjero, destac\u00e1ndose su primera exposici\u00f3n individual \u00ab<strong><a href=\"https:\/\/culturalanzarote.com\/eventos\/calima-purpurina\/\" target=\"_blank\" rel=\"noopener\" title=\"\">Calima purpurina<\/a><\/strong>\u00bb en <a href=\"https:\/\/culturalanzarote.com\/centros-culturales\/el-almacen\/\" target=\"_blank\" rel=\"noopener\" title=\"\">El Almac\u00e9n de Lanzarote<\/a>. Adem\u00e1s, ha colaborado con la comisaria <strong>Lana Corujo<\/strong> en la presentaci\u00f3n y curadur\u00eda de sus exposiciones, aportando una visi\u00f3n fresca y cr\u00edtica al arte contempor\u00e1neo\u200b.<\/p>\n\n\n\n<div class=\"wp-block-group alignwide\"><div class=\"wp-block-group__inner-container is-layout-constrained wp-block-group-is-layout-constrained\">\n<h3 class=\"wp-block-heading\">Obras destacadas de Marina Speer<\/h3>\n\n\n\n<div class=\"wp-block-columns has-contrast-background-color has-background is-layout-flex wp-container-core-columns-is-layout-9d6595d7 wp-block-columns-is-layout-flex\">\n<div class=\"wp-block-column is-vertically-aligned-center is-layout-flow wp-block-column-is-layout-flow\" style=\"padding-top:var(--wp--preset--spacing--30);padding-right:var(--wp--preset--spacing--30);padding-bottom:var(--wp--preset--spacing--30);padding-left:var(--wp--preset--spacing--30)\">\n<p class=\"has-base-color has-text-color\" style=\"margin-top:0;margin-right:0;margin-bottom:0;margin-left:0;font-size:18px\"><strong><a href=\"https:\/\/lanzaroteartgallery.com\/categoria-obra\/artistas-tienda\/marina-speer\/\" title=\"\">Marina Speer<\/a><\/strong><\/p>\n\n\n\n<p class=\"has-base-color has-text-color\" style=\"margin-top:0px;margin-right:0px;margin-bottom:0px;margin-left:0px;padding-top:0;padding-right:0;padding-bottom:0;padding-left:0;font-size:48px\"><strong>El interior I<\/strong><\/p>\n\n\n\n<p class=\"has-text-align-left has-base-color has-text-color\" style=\"margin-top:0;margin-right:0;margin-bottom:0;margin-left:0;font-size:24px\">acr\u00edlico<\/p>\n\n\n\n<div class=\"wp-block-buttons is-layout-flex wp-block-buttons-is-layout-flex\" style=\"margin-top:20px;margin-bottom:0\">\n<div class=\"wp-block-button has-custom-font-size is-style-fill, boton\" style=\"font-size:16px\"><a class=\"wp-block-button__link has-cuarto-background-color has-background wp-element-button\" href=\"https:\/\/lanzaroteartgallery.com\/obra\/el-interior-i\/\" style=\"border-style:none;border-width:0px\">Comprar cuadro<\/a><\/div>\n<\/div>\n<\/div>\n\n\n\n<div class=\"wp-block-column is-vertically-aligned-center is-layout-flow wp-block-column-is-layout-flow\">\n<figure class=\"wp-block-image size-full\"><img loading=\"lazy\" decoding=\"async\" width=\"1795\" height=\"2560\" src=\"https:\/\/lanzaroteartgallery.com\/wp-content\/uploads\/2022\/08\/Speer-MarinaLara-05943215S2Ftaob1-scaled.jpg\" alt=\"Marina Speer, El interior I, acr\u00edlico\" class=\"wp-image-10091\" srcset=\"https:\/\/lanzaroteartgallery.com\/wp-content\/uploads\/2022\/08\/Speer-MarinaLara-05943215S2Ftaob1-scaled.jpg 1795w, https:\/\/lanzaroteartgallery.com\/wp-content\/uploads\/2022\/08\/Speer-MarinaLara-05943215S2Ftaob1-scaled-400x570.jpg 400w, https:\/\/lanzaroteartgallery.com\/wp-content\/uploads\/2022\/08\/Speer-MarinaLara-05943215S2Ftaob1-scaled-600x856.jpg 600w, https:\/\/lanzaroteartgallery.com\/wp-content\/uploads\/2022\/08\/Speer-MarinaLara-05943215S2Ftaob1-210x300.jpg 210w, https:\/\/lanzaroteartgallery.com\/wp-content\/uploads\/2022\/08\/Speer-MarinaLara-05943215S2Ftaob1-718x1024.jpg 718w, https:\/\/lanzaroteartgallery.com\/wp-content\/uploads\/2022\/08\/Speer-MarinaLara-05943215S2Ftaob1-1077x1536.jpg 1077w, https:\/\/lanzaroteartgallery.com\/wp-content\/uploads\/2022\/08\/Speer-MarinaLara-05943215S2Ftaob1-1436x2048.jpg 1436w\" sizes=\"auto, (max-width: 1795px) 100vw, 1795px\" \/><\/figure>\n<\/div>\n<\/div>\n\n\n<style>.wp-block-kadence-spacer.kt-block-spacer-15311_23be1c-94 .kt-block-spacer{height:60px;}.wp-block-kadence-spacer.kt-block-spacer-15311_23be1c-94 .kt-divider{border-top-width:1px;height:1px;border-top-color:#eee;width:80%;border-top-style:solid;}<\/style>\n<div class=\"wp-block-kadence-spacer aligncenter kt-block-spacer-15311_23be1c-94\"><div class=\"kt-block-spacer kt-block-spacer-halign-center\"><\/div><\/div>\n\n\n\n<div class=\"wp-block-columns has-contrast-background-color has-background is-layout-flex wp-container-core-columns-is-layout-9d6595d7 wp-block-columns-is-layout-flex\">\n<div class=\"wp-block-column is-layout-flow wp-block-column-is-layout-flow\" style=\"padding-top:var(--wp--preset--spacing--30);padding-right:var(--wp--preset--spacing--30);padding-bottom:var(--wp--preset--spacing--30);padding-left:var(--wp--preset--spacing--30)\">\n<figure class=\"wp-block-image size-full\" style=\"margin-top:0;margin-right:0;margin-bottom:0;margin-left:0;font-size:18px\"><img loading=\"lazy\" decoding=\"async\" width=\"1831\" height=\"2560\" src=\"https:\/\/lanzaroteartgallery.com\/wp-content\/uploads\/2022\/08\/Speer-MarinaLara-05943215S2Ftao1-scaled.jpg\" alt=\"Marina Speer, el interior III, acr\u00edlico\" class=\"wp-image-10095\" srcset=\"https:\/\/lanzaroteartgallery.com\/wp-content\/uploads\/2022\/08\/Speer-MarinaLara-05943215S2Ftao1-scaled.jpg 1831w, https:\/\/lanzaroteartgallery.com\/wp-content\/uploads\/2022\/08\/Speer-MarinaLara-05943215S2Ftao1-scaled-400x559.jpg 400w, https:\/\/lanzaroteartgallery.com\/wp-content\/uploads\/2022\/08\/Speer-MarinaLara-05943215S2Ftao1-scaled-600x839.jpg 600w, https:\/\/lanzaroteartgallery.com\/wp-content\/uploads\/2022\/08\/Speer-MarinaLara-05943215S2Ftao1-215x300.jpg 215w, https:\/\/lanzaroteartgallery.com\/wp-content\/uploads\/2022\/08\/Speer-MarinaLara-05943215S2Ftao1-732x1024.jpg 732w, https:\/\/lanzaroteartgallery.com\/wp-content\/uploads\/2022\/08\/Speer-MarinaLara-05943215S2Ftao1-1098x1536.jpg 1098w, https:\/\/lanzaroteartgallery.com\/wp-content\/uploads\/2022\/08\/Speer-MarinaLara-05943215S2Ftao1-1465x2048.jpg 1465w\" sizes=\"auto, (max-width: 1831px) 100vw, 1831px\" \/><\/figure>\n<\/div>\n\n\n\n<div class=\"wp-block-column is-layout-flow wp-block-column-is-layout-flow\">\n<p class=\"has-base-color has-text-color\" style=\"margin-top:0;margin-right:0;margin-bottom:0;margin-left:0;font-size:18px\"><strong><a href=\"https:\/\/lanzaroteartgallery.com\/categoria-obra\/artistas-tienda\/marina-speer\/\" title=\"\">Marina Speer<\/a><\/strong><\/p>\n\n\n\n<p class=\"has-base-color has-text-color\" style=\"margin-top:0px;margin-right:0px;margin-bottom:0px;margin-left:0px;padding-top:0;padding-right:0;padding-bottom:0;padding-left:0;font-size:48px\"><strong>El interior III<\/strong><\/p>\n\n\n\n<p class=\"has-text-align-left has-base-color has-text-color\" style=\"margin-top:0;margin-right:0;margin-bottom:0;margin-left:0;font-size:24px\">acr\u00edlico<\/p>\n\n\n\n<div class=\"wp-block-buttons is-layout-flex wp-block-buttons-is-layout-flex\">\n<div class=\"wp-block-button has-custom-font-size is-style-fill, boton\" style=\"font-size:16px\"><a class=\"wp-block-button__link wp-element-button\" href=\"https:\/\/lanzaroteartgallery.com\/obra\/el-interior-iii\/\" style=\"border-style:none;border-width:0px\">Comprar cuadro<\/a><\/div>\n<\/div>\n<\/div>\n<\/div>\n<\/div><\/div>\n\n\n<style>.wp-block-kadence-spacer.kt-block-spacer-15311_c4dd70-cd .kt-block-spacer{height:60px;}.wp-block-kadence-spacer.kt-block-spacer-15311_c4dd70-cd .kt-divider{border-top-width:1px;height:1px;border-top-color:#eee;width:80%;border-top-style:solid;}<\/style>\n<div class=\"wp-block-kadence-spacer aligncenter kt-block-spacer-15311_c4dd70-cd\"><div class=\"kt-block-spacer kt-block-spacer-halign-center\"><hr class=\"kt-divider\"\/><\/div><\/div>\n\n\n\n<h2 class=\"wp-block-heading\">Alicia R. Riquero, pintura abstracta<\/h2>\n\n\n\n<p>Aunque <a href=\"https:\/\/lanzaroteartgallery.com\/categoria-obra\/art-space\/alicia-rodriguez-riquero\/\" target=\"_blank\" rel=\"noopener\" title=\"\">Alicia R. Riquero<\/a> no es canaria de nacimiento, lo es de sentimiento. Esta artista espa\u00f1ola originaria de Extremadura ha desarrollado una <strong>profunda conexi\u00f3n con la isla de Lanzarote<\/strong>, donde reside. Su trayectoria art\u00edstica est\u00e1 marcada por una constante b\u00fasqueda personal y una exploraci\u00f3n de diversas t\u00e9cnicas y estilos, que la ha llevado al <strong>expresionismo abstracto<\/strong>.<\/p>\n\n\n\n<h3 class=\"wp-block-heading\">Formaci\u00f3n y trayectoria art\u00edstica<\/h3>\n\n\n\n<p>Alicia R. Riquero estudi\u00f3 arte en M\u00e9rida, donde <strong>se especializ\u00f3 en mosaico<\/strong>, una de las t\u00e9cnicas art\u00edsticas m\u00e1s antiguas. Esta formaci\u00f3n le proporcion\u00f3 una base s\u00f3lida en el manejo de materiales y la creaci\u00f3n de composiciones complejas.<\/p>\n\n\n\n<p>Como docente, ha impartido clases de pintura para todas las edades, lo que le ha permitido enriquecer su propio conocimiento y establecer una red de <strong>intercambio art\u00edstico y pedag\u00f3gico<\/strong>.<\/p>\n\n\n\n<p>Comenz\u00f3 su carrera art\u00edstica desde muy joven con un <strong>enfoque en el realismo<\/strong>, creando obras que reflejan su capacidad para la observaci\u00f3n detallada y la expresi\u00f3n de la realidad. Con el tiempo, Alicia R. Riquero ha experimentado con diferentes estilos art\u00edsticos, pero ha encontrado una especial afinidad con el expresionismo abstracto. <strong>Este estilo le permite una mayor libertad para expresar sus emociones y explorar su propia naturaleza interior<\/strong>.<\/p>\n\n\n\n<h3 class=\"wp-block-heading\">Exposici\u00f3n de sus obras art\u00edsticas<\/h3>\n\n\n\n<p>Las obras de Alicia R. Riquero han sido expuestas en importantes ciudades espa\u00f1olas como Madrid y Valencia, as\u00ed como en su tierra natal, Extremadura, y en <a href=\"https:\/\/lanzaroteartgallery.com\/exp\/\" target=\"_blank\" rel=\"noopener\" title=\"\"><strong>Lanzarote<\/strong><\/a>. La isla de Lanzarote no solo es su lugar de residencia, sino tambi\u00e9n una <strong>fuente de inspiraci\u00f3n constante <\/strong>para ella. El entorno natural y cultural de la isla ha influido significativamente en su obra, a\u00f1adiendo una dimensi\u00f3n especial a su proceso creativo.<\/p>\n\n\n\n<div class=\"wp-block-group alignwide\"><div class=\"wp-block-group__inner-container is-layout-constrained wp-block-group-is-layout-constrained\">\n<h3 class=\"wp-block-heading\">Obras destacadas de Alicia R. Riquero<\/h3>\n\n\n\n<div class=\"wp-block-columns has-contrast-background-color has-background is-layout-flex wp-container-core-columns-is-layout-9d6595d7 wp-block-columns-is-layout-flex\">\n<div class=\"wp-block-column is-vertically-aligned-center is-layout-flow wp-block-column-is-layout-flow\" style=\"padding-top:var(--wp--preset--spacing--30);padding-right:var(--wp--preset--spacing--30);padding-bottom:var(--wp--preset--spacing--30);padding-left:var(--wp--preset--spacing--30)\">\n<p class=\"has-base-color has-text-color\" style=\"margin-top:0;margin-right:0;margin-bottom:0;margin-left:0;font-size:18px\"><strong><a href=\"https:\/\/lanzaroteartgallery.com\/categoria-obra\/art-space\/alicia-rodriguez-riquero\/\" title=\"\">Alicia R. Riquero<\/a><\/strong><\/p>\n\n\n\n<p class=\"has-base-color has-text-color\" style=\"margin-top:0px;margin-right:0px;margin-bottom:0px;margin-left:0px;padding-top:0;padding-right:0;padding-bottom:0;padding-left:0;font-size:48px\"><strong>Puente de las bolas<\/strong><\/p>\n\n\n\n<p class=\"has-text-align-left has-base-color has-text-color\" style=\"margin-top:0;margin-right:0;margin-bottom:0;margin-left:0;font-size:24px\">\u00f3leo<\/p>\n\n\n\n<div class=\"wp-block-buttons is-layout-flex wp-block-buttons-is-layout-flex\" style=\"margin-top:20px;margin-bottom:0\">\n<div class=\"wp-block-button has-custom-font-size is-style-fill, boton\" style=\"font-size:16px\"><a class=\"wp-block-button__link has-cuarto-background-color has-background wp-element-button\" href=\"https:\/\/lanzaroteartgallery.com\/obra\/puente-de-las-bolas\/\" style=\"border-style:none;border-width:0px\">Comprar cuadro<\/a><\/div>\n<\/div>\n<\/div>\n\n\n\n<div class=\"wp-block-column is-vertically-aligned-center is-layout-flow wp-block-column-is-layout-flow\">\n<figure class=\"wp-block-image size-full\"><img decoding=\"async\" src=\"https:\/\/lanzaroteartgallery.com\/wp-content\/uploads\/2023\/08\/RodriguezRiquero-Alicia-53267979W2F28.Arrecife-scaled.jpg\" alt=\"Alicia R. Riquero, Puente de las bolas, \u00f3leo\" class=\"wp-image-12253\"\/><\/figure>\n<\/div>\n<\/div>\n\n\n<style>.wp-block-kadence-spacer.kt-block-spacer-15311_255ae0-1a .kt-block-spacer{height:60px;}.wp-block-kadence-spacer.kt-block-spacer-15311_255ae0-1a .kt-divider{border-top-width:1px;height:1px;border-top-color:#eee;width:80%;border-top-style:solid;}<\/style>\n<div class=\"wp-block-kadence-spacer aligncenter kt-block-spacer-15311_255ae0-1a\"><div class=\"kt-block-spacer kt-block-spacer-halign-center\"><\/div><\/div>\n\n\n\n<div class=\"wp-block-columns has-contrast-background-color has-background is-layout-flex wp-container-core-columns-is-layout-9d6595d7 wp-block-columns-is-layout-flex\">\n<div class=\"wp-block-column is-layout-flow wp-block-column-is-layout-flow\" style=\"padding-top:var(--wp--preset--spacing--30);padding-right:var(--wp--preset--spacing--30);padding-bottom:var(--wp--preset--spacing--30);padding-left:var(--wp--preset--spacing--30)\">\n<figure class=\"wp-block-image size-full\" style=\"margin-top:0;margin-right:0;margin-bottom:0;margin-left:0;font-size:18px\"><img decoding=\"async\" src=\"https:\/\/lanzaroteartgallery.com\/wp-content\/uploads\/2023\/07\/RodriguezRiquero-Alicia-53267979W2FTemplehall.png\" alt=\"Alicia R. Riquero, Temple Hall, \u00f3leo\" class=\"wp-image-11962\"\/><\/figure>\n<\/div>\n\n\n\n<div class=\"wp-block-column is-layout-flow wp-block-column-is-layout-flow\">\n<p class=\"has-base-color has-text-color\" style=\"margin-top:0;margin-right:0;margin-bottom:0;margin-left:0;font-size:18px\"><strong><a href=\"https:\/\/lanzaroteartgallery.com\/categoria-obra\/art-space\/alicia-rodriguez-riquero\/\" title=\"\">Alicia R. Riquero<\/a><\/strong><\/p>\n\n\n\n<p class=\"has-base-color has-text-color\" style=\"margin-top:0px;margin-right:0px;margin-bottom:0px;margin-left:0px;padding-top:0;padding-right:0;padding-bottom:0;padding-left:0;font-size:48px\"><strong>Temple Hall<\/strong><\/p>\n\n\n\n<p class=\"has-text-align-left has-base-color has-text-color\" style=\"margin-top:0;margin-right:0;margin-bottom:0;margin-left:0;font-size:24px\">\u00f3leo<\/p>\n\n\n\n<div class=\"wp-block-buttons is-layout-flex wp-block-buttons-is-layout-flex\">\n<div class=\"wp-block-button has-custom-font-size is-style-fill, boton\" style=\"font-size:16px\"><a class=\"wp-block-button__link wp-element-button\" href=\"https:\/\/lanzaroteartgallery.com\/obra\/temple-hall\/\" style=\"border-style:none;border-width:0px\">Comprar cuadro<\/a><\/div>\n<\/div>\n<\/div>\n<\/div>\n<\/div><\/div>\n\n\n<style>.wp-block-kadence-spacer.kt-block-spacer-15311_378f60-41 .kt-block-spacer{height:60px;}.wp-block-kadence-spacer.kt-block-spacer-15311_378f60-41 .kt-divider{border-top-width:1px;height:1px;border-top-color:#eee;width:80%;border-top-style:solid;}<\/style>\n<div class=\"wp-block-kadence-spacer aligncenter kt-block-spacer-15311_378f60-41\"><div class=\"kt-block-spacer kt-block-spacer-halign-center\"><hr class=\"kt-divider\"\/><\/div><\/div>\n\n\n\n<p>Estas pintoras canarias actuales o aficandas aqu\u00ed, representan una <strong>muestra diversa de la rica y vibrante escena art\u00edstica contempor\u00e1nea en las Islas Canarias<\/strong>, abarcando una amplia gama de estilos y enfoques que reflejan tanto la tradici\u00f3n como la innovaci\u00f3n en el arte. Descubra m\u00e1s en nuestra galer\u00eda <a href=\"https:\/\/lanzaroteartgallery.com\/\" title=\"\">Lanzarote Art Gallery<\/a>.<\/p>","protected":false},"excerpt":{"rendered":"<p class=\"qtranxs-available-languages-message qtranxs-available-languages-message-en\">Sorry, this entry is only available in <a href=\"https:\/\/lanzaroteartgallery.com\/es\/wp-json\/wp\/v2\/posts\/15311\" class=\"qtranxs-available-language-link qtranxs-available-language-link-es\" title=\"ES\">ES<\/a>.<\/p>\n<p>Las pintoras canarias contempor\u00e1neas o afincadas en Canarias destacan por su diversidad de estilos y tem\u00e1ticas, reflejando la rica herencia cultural y el entorno natural de las Islas Canarias que las rodean. En Lanzarote Art Gallery presentamos algunas de las artistas m\u00e1s relevantes en la escena canaria actual.<\/p>\n","protected":false},"author":12,"featured_media":10140,"comment_status":"closed","ping_status":"closed","sticky":false,"template":"","format":"standard","meta":{"_kad_blocks_custom_css":"","_kad_blocks_head_custom_js":"","_kad_blocks_body_custom_js":"","_kad_blocks_footer_custom_js":"","footnotes":""},"categories":[316],"tags":[1502],"class_list":["post-15311","post","type-post","status-publish","format-standard","has-post-thumbnail","hentry","category-blog","tag-canarias"],"aioseo_notices":[],"taxonomy_info":{"category":[{"value":316,"label":"Blog"}],"post_tag":[{"value":1502,"label":"canarias"}]},"featured_image_src_large":["https:\/\/lanzaroteartgallery.com\/wp-content\/uploads\/2022\/09\/Speer-MarinaLara-2Fyyy-1024x1024.jpg",1024,1024,true],"author_info":{"display_name":"SEO Etno","author_link":"https:\/\/lanzaroteartgallery.com\/en\/author\/etnonautas\/"},"comment_info":0,"category_info":[{"term_id":316,"name":"Blog","slug":"blog","term_group":0,"term_taxonomy_id":316,"taxonomy":"category","description":"","parent":0,"count":26,"filter":"raw","term_order":"6","i18n_config":{"name":{"ts":{"es":"Blog"}}},"cat_ID":316,"category_count":26,"category_description":"","cat_name":"Blog","category_nicename":"blog","category_parent":0}],"tag_info":[{"term_id":1502,"name":"canarias","slug":"canarias","term_group":0,"term_taxonomy_id":1502,"taxonomy":"post_tag","description":"","parent":0,"count":1,"filter":"raw","term_order":"0","i18n_config":{"name":{"ts":{"es":"canarias"}}}}],"_links":{"self":[{"href":"https:\/\/lanzaroteartgallery.com\/en\/wp-json\/wp\/v2\/posts\/15311","targetHints":{"allow":["GET"]}}],"collection":[{"href":"https:\/\/lanzaroteartgallery.com\/en\/wp-json\/wp\/v2\/posts"}],"about":[{"href":"https:\/\/lanzaroteartgallery.com\/en\/wp-json\/wp\/v2\/types\/post"}],"author":[{"embeddable":true,"href":"https:\/\/lanzaroteartgallery.com\/en\/wp-json\/wp\/v2\/users\/12"}],"replies":[{"embeddable":true,"href":"https:\/\/lanzaroteartgallery.com\/en\/wp-json\/wp\/v2\/comments?post=15311"}],"version-history":[{"count":0,"href":"https:\/\/lanzaroteartgallery.com\/en\/wp-json\/wp\/v2\/posts\/15311\/revisions"}],"wp:featuredmedia":[{"embeddable":true,"href":"https:\/\/lanzaroteartgallery.com\/en\/wp-json\/wp\/v2\/media\/10140"}],"wp:attachment":[{"href":"https:\/\/lanzaroteartgallery.com\/en\/wp-json\/wp\/v2\/media?parent=15311"}],"wp:term":[{"taxonomy":"category","embeddable":true,"href":"https:\/\/lanzaroteartgallery.com\/en\/wp-json\/wp\/v2\/categories?post=15311"},{"taxonomy":"post_tag","embeddable":true,"href":"https:\/\/lanzaroteartgallery.com\/en\/wp-json\/wp\/v2\/tags?post=15311"}],"curies":[{"name":"wp","href":"https:\/\/api.w.org\/{rel}","templated":true}]}}