{"id":12267,"date":"2023-08-31T19:34:26","date_gmt":"2023-08-31T18:34:26","guid":{"rendered":"https:\/\/lanzaroteartgallery.com\/?p=12267"},"modified":"2024-02-29T11:35:12","modified_gmt":"2024-02-29T11:35:12","slug":"exp","status":"publish","type":"post","link":"https:\/\/lanzaroteartgallery.com\/en\/exp\/","title":{"rendered":"Inauguraci\u00f3n de la Exposici\u00f3n"},"content":{"rendered":"<p class=\"qtranxs-available-languages-message qtranxs-available-languages-message-en\">Sorry, this entry is only available in <a href=\"https:\/\/lanzaroteartgallery.com\/es\/wp-json\/wp\/v2\/posts\/12267\" class=\"qtranxs-available-language-link qtranxs-available-language-link-es\" title=\"ES\">ES<\/a>.<\/p><p class=\"has-large-font-size\"><strong>\u201cTemple Hall\u201d<\/strong><\/p>\n\n\n\n<p class=\"has-medium-font-size\"><strong>8 de septiembre 20:00 horas<\/strong><\/p>\n\n\n\n<p class=\"has-medium-font-size\">Lanzarote Art Gallery by Eduardo Fari\u00f1a y Art Space by Ladr\u00f3n de Guevara le invitan a disfrutar de la exposici\u00f3n <strong>\u201cTemple Hall\u201d<\/strong><\/p>\n\n\n\n<p class=\"has-medium-font-size\"><strong>Artista Alicia Riquero<\/strong><\/p>\n\n\n\n<p>Nos complace presentar a la talentosa artista Alicia Riquero es una destacada artista visual que ha ganado reconocimiento tanto a nivel nacional como internacional por su obra \u00fanica y cautivadora.<\/p>\n\n\n\n<p>\u00a1Gracias por la c\u00e1lida bienvenida al Art Space by Ladr\u00f3n de Guevara en la Galer\u00eda de Arte de Lanzarote! Es un honor poder presentarles a la talentosa artista Alicia Riquero y sus impresionantes obras de arte. Alicia es reconocida internacionalmente por su enfoque \u00fanico y su capacidad para capturar la belleza en sus creaciones.<\/p>\n\n\n\n<p>Con una trayectoria destacada, Alicia ha expuesto en numerosas galer\u00edas de arte en Europa, gan\u00e1ndose el reconocimiento y el aplauso de los amantes del arte en todo el mundo. Su estilo distintivo y su habilidad para combinar diferentes t\u00e9cnicas y elementos visuales han cautivado a cr\u00edticos y coleccionistas por igual.<\/p>\n\n\n\n<p>Alicia se ha distinguido por su capacidad para transmitir emociones a trav\u00e9s de sus obras. Sus cuadros reflejan una profundidad y una sensibilidad excepcional, invitando al espectador a sumergirse en un mundo de belleza y reflexi\u00f3n.<\/p>\n\n\n\n<p>Nos complace enormemente tener a Alicia Riquero aqu\u00ed en nuestra galer\u00eda y estamos seguros de que su exposici\u00f3n en el Art Space ser\u00e1 un evento destacado en el mundo del arte. Invitamos a todos los amantes del arte y a aquellos que deseen descubrir nuevas expresiones creativas a visitar esta maravillosa muestra.<\/p>\n\n\n\n<p>\u00a1Esperamos que disfruten de la exposici\u00f3n de Alicia Riquero en el Art Space by Ladr\u00f3n de Guevara en la Galer\u00eda de Arte de Lanzarote!<\/p>\n\n\n\n<p>Estamos emocionados de tener a Alicia Riquero como artista destacada en la Galer\u00eda de Arte Lanzarote, y esperamos que disfruten de su obra inspiradora y evocadora. \u00a1Les invitamos a visitar nuestra galer\u00eda y disfrutar de la magn\u00edfica obra de esta talentosa artista!<\/p>\n\n\n\n<p><em>Una gran ocasi\u00f3n para transmitir nuestro mensaje como Galer\u00eda y mostrar algunos de los m\u00e1s prometedores artistas de nuestro entorno.<\/em><\/p>\n\n\n\n<p><em>Disponemos de un gran fondo de obra, pintura, escultura, y fotograf\u00eda, nacional e internacional. Ven a vernos o visita nuestro espacio de arte.<\/em><\/p>\n\n\n\n<p>Lanzarote Art Gallery<\/p>\n\n\n\n<p>Eduardo Fern\u00e1ndez Fari\u00f1a<\/p>\n\n\n\n<p>Avda Islas Canarias 12<\/p>\n\n\n\n<p>C.C Las Maretas- local 18-19<\/p>\n\n\n\n<p>Costa Teguise<\/p>\n\n\n\n<p>696 426 802 \u2013 928229369<\/p>\n\n\n\n<p><a href=\"mailto:info@lanzaroteartgallery.com\">info@lanzaroteartgallery.com<\/a>&nbsp;&nbsp;&nbsp;&nbsp;&nbsp;&nbsp;&nbsp;&nbsp;&nbsp;&nbsp;&nbsp;&nbsp;&nbsp;&nbsp;&nbsp;&nbsp;&nbsp;&nbsp;&nbsp;&nbsp;&nbsp;&nbsp;&nbsp;&nbsp;&nbsp;&nbsp;&nbsp;&nbsp;&nbsp;&nbsp;&nbsp;&nbsp;&nbsp;&nbsp;&nbsp;&nbsp;&nbsp;&nbsp;&nbsp;&nbsp;&nbsp;&nbsp;&nbsp;&nbsp;<\/p>","protected":false},"excerpt":{"rendered":"<p>Sorry, this entry is only available in ES. \u201cTemple Hall\u201d 8 de septiembre 20:00 horas Lanzarote Art Gallery by Eduardo Fari\u00f1a y Art Space by Ladr\u00f3n de Guevara le invitan [&hellip;]<\/p>\n","protected":false},"author":2,"featured_media":12268,"comment_status":"closed","ping_status":"closed","sticky":false,"template":"page-expo.php","format":"standard","meta":{"_kad_blocks_custom_css":"","_kad_blocks_head_custom_js":"","_kad_blocks_body_custom_js":"","_kad_blocks_footer_custom_js":"","footnotes":""},"categories":[6,7],"tags":[],"class_list":["post-12267","post","type-post","status-publish","format-standard","has-post-thumbnail","hentry","category-exposiciones","category-noticias"],"aioseo_notices":[],"taxonomy_info":{"category":[{"value":6,"label":"Exhibitions"},{"value":7,"label":"Press &amp; Communication"}]},"featured_image_src_large":["https:\/\/lanzaroteartgallery.com\/wp-content\/uploads\/2023\/08\/Temple-Hall-Expo-2023-1024x1024.jpg",1024,1024,true],"author_info":{"display_name":"Fernandez Fari\u00f1a Eduardo","author_link":"https:\/\/lanzaroteartgallery.com\/en\/author\/eduardo\/"},"comment_info":0,"category_info":[{"term_id":6,"name":"Exhibitions","slug":"exposiciones","term_group":0,"term_taxonomy_id":6,"taxonomy":"category","description":"","parent":0,"count":46,"filter":"raw","term_order":"5","i18n_config":{"name":{"ts":{"es":"Exposiciones de Arte y Ferias | Lanzarote Art Gallery","en":"Exhibitions"}},"description":{"ts":{"es":"Descubre las ultimas Exposiciones de Arte en Lanzarote. A lo largo de toda la isla hemos llevado la obra de nuestros artistas. Conoce m\u00e1s sobre nuestro trabajo en Lanzarote y el arte.","en":""},"ml":"[:es]Descubre las ultimas Exposiciones de Arte en Lanzarote. A lo largo de toda la isla hemos llevado la obra de nuestros artistas. Conoce m\u00e1s sobre nuestro trabajo en Lanzarote y el arte.[:]"}},"cat_ID":6,"category_count":46,"category_description":"","cat_name":"Exhibitions","category_nicename":"exposiciones","category_parent":0},{"term_id":7,"name":"Press &amp; Communication","slug":"noticias","term_group":0,"term_taxonomy_id":7,"taxonomy":"category","description":"","parent":0,"count":44,"filter":"raw","term_order":"9","i18n_config":{"name":{"ts":{"es":"Prensa y Comunicaci\u00f3n Arte en Lanzarote Art Gallery","en":"Press &amp; Communication"}},"description":{"ts":{"es":"Comunicaci\u00f3n y prensa sobre Arte y Artistas en Lanzarote. en Lanzarote Art Gallery te traemos las novedades sobre artistas y exposiciones en la isla.","en":""},"ml":"[:es]Comunicaci\u00f3n y prensa sobre Arte y Artistas en Lanzarote. en Lanzarote Art Gallery te traemos las novedades sobre artistas y exposiciones en la isla.[:]"}},"cat_ID":7,"category_count":44,"category_description":"","cat_name":"Press &amp; Communication","category_nicename":"noticias","category_parent":0}],"tag_info":false,"_links":{"self":[{"href":"https:\/\/lanzaroteartgallery.com\/en\/wp-json\/wp\/v2\/posts\/12267","targetHints":{"allow":["GET"]}}],"collection":[{"href":"https:\/\/lanzaroteartgallery.com\/en\/wp-json\/wp\/v2\/posts"}],"about":[{"href":"https:\/\/lanzaroteartgallery.com\/en\/wp-json\/wp\/v2\/types\/post"}],"author":[{"embeddable":true,"href":"https:\/\/lanzaroteartgallery.com\/en\/wp-json\/wp\/v2\/users\/2"}],"replies":[{"embeddable":true,"href":"https:\/\/lanzaroteartgallery.com\/en\/wp-json\/wp\/v2\/comments?post=12267"}],"version-history":[{"count":0,"href":"https:\/\/lanzaroteartgallery.com\/en\/wp-json\/wp\/v2\/posts\/12267\/revisions"}],"wp:featuredmedia":[{"embeddable":true,"href":"https:\/\/lanzaroteartgallery.com\/en\/wp-json\/wp\/v2\/media\/12268"}],"wp:attachment":[{"href":"https:\/\/lanzaroteartgallery.com\/en\/wp-json\/wp\/v2\/media?parent=12267"}],"wp:term":[{"taxonomy":"category","embeddable":true,"href":"https:\/\/lanzaroteartgallery.com\/en\/wp-json\/wp\/v2\/categories?post=12267"},{"taxonomy":"post_tag","embeddable":true,"href":"https:\/\/lanzaroteartgallery.com\/en\/wp-json\/wp\/v2\/tags?post=12267"}],"curies":[{"name":"wp","href":"https:\/\/api.w.org\/{rel}","templated":true}]}}